{"id":6418,"global_id":"ejanc.org\/es\/?id=6418","global_id_lineage":["ejanc.org\/es\/?id=6418"],"author":"4","status":"publish","date":"2025-03-28 22:07:35","date_utc":"2025-03-29 02:07:35","modified":"2025-03-28 22:07:35","modified_utc":"2025-03-29 02:07:35","url":"https:\/\/ejanc.org\/es\/event\/reunion-de-apoyo-a-los-padres-5\/","rest_url":"https:\/\/ejanc.org\/es\/wp-json\/tribe\/events\/v1\/events\/6418","title":"Reuni\u00f3n de apoyo a los padres","description":"<p><span class=\"gmail-OYPEnA gmail-font-feature-liga-off gmail-font-feature-clig-off gmail-font-feature-calt-off gmail-text-decoration-none gmail-text-strikethrough-none\">Adem\u00e1s de ser una oportunidad para conocer a nuevos padres y entablar relaciones, nuestras<\/span><span class=\"gmail-OYPEnA gmail-font-feature-liga-off gmail-font-feature-clig-off gmail-font-feature-calt-off gmail-text-decoration-none gmail-text-strikethrough-none gmail-white-space-prewrap\"> <\/span><span class=\"gmail-OYPEnA gmail-font-feature-liga-off gmail-font-feature-clig-off gmail-font-feature-calt-off gmail-text-decoration-none gmail-text-strikethrough-none\">reuniones mensuales son tambi\u00e9n una forma constructiva de que los padres debatan cuestiones y posibles soluciones a los problemas a los que se enfrentan sus hijos en nuestro sistema educativo p\u00fablico.<\/span><\/p>","excerpt":"","slug":"reunion-de-apoyo-a-los-padres-5","image":false,"all_day":false,"start_date":"2025-06-30 19:00:00","start_date_details":{"year":"2025","month":"06","day":"30","hour":"19","minutes":"00","seconds":"00"},"end_date":"2025-06-30 20:00:00","end_date_details":{"year":"2025","month":"06","day":"30","hour":"20","minutes":"00","seconds":"00"},"utc_start_date":"2025-06-30 23:00:00","utc_start_date_details":{"year":"2025","month":"06","day":"30","hour":"23","minutes":"00","seconds":"00"},"utc_end_date":"2025-07-01 00:00:00","utc_end_date_details":{"year":"2025","month":"07","day":"01","hour":"00","minutes":"00","seconds":"00"},"timezone":"America\/New_York","timezone_abbr":"EDT","cost":"","cost_details":{"currency_symbol":"","currency_code":"","currency_position":"","values":[]},"website":"https:\/\/docs.google.com\/forms\/d\/e\/1FAIpQLSe5renctKtuHqDoqlT0SCNqsLGFeR4Higa6FnSwKeYSMIeEog\/viewform","show_map":false,"show_map_link":false,"hide_from_listings":false,"sticky":false,"featured":false,"categories":[],"tags":[{"name":"ayuda","slug":"ayuda","term_group":0,"term_taxonomy_id":94,"taxonomy":"post_tag","description":"","parent":0,"count":9,"filter":"raw","id":94,"urls":{"self":"https:\/\/ejanc.org\/es\/wp-json\/tribe\/events\/v1\/tags\/94","collection":"https:\/\/ejanc.org\/es\/wp-json\/tribe\/events\/v1\/tags"}},{"name":"eventos","slug":"eventos","term_group":0,"term_taxonomy_id":60,"taxonomy":"post_tag","description":"","parent":0,"count":11,"filter":"raw","id":60,"urls":{"self":"https:\/\/ejanc.org\/es\/wp-json\/tribe\/events\/v1\/tags\/60","collection":"https:\/\/ejanc.org\/es\/wp-json\/tribe\/events\/v1\/tags"}},{"name":"padres","slug":"padres","term_group":0,"term_taxonomy_id":92,"taxonomy":"post_tag","description":"","parent":0,"count":8,"filter":"raw","id":92,"urls":{"self":"https:\/\/ejanc.org\/es\/wp-json\/tribe\/events\/v1\/tags\/92","collection":"https:\/\/ejanc.org\/es\/wp-json\/tribe\/events\/v1\/tags"}}],"venue":[],"organizer":[{"id":6277,"author":"4","status":"publish","date":"2025-01-29 13:13:22","date_utc":"2025-01-29 18:13:22","modified":"2025-01-29 13:13:22","modified_utc":"2025-01-29 18:13:22","url":"https:\/\/ejanc.org\/es\/organizador\/alianza-por-la-justicia-en-la-educacion\/","organizer":"Alianza por la Justicia en la Educaci\u00f3n","slug":"alianza-por-la-justicia-en-la-educacion","website":"https:\/\/ejanc.org\/","email":"info@ejanc.org","json_ld":{"@type":"Person","name":"Alianza por la Justicia en la Educaci\u00f3n","description":"","url":"https:\/\/ejanc.org\/","telephone":"","email":"&#105;&#110;&#102;&#111;&#64;e&#106;anc.&#111;&#114;&#103;","sameAs":"https:\/\/ejanc.org\/"},"global_id":"ejanc.org\/es\/?id=6277","global_id_lineage":["ejanc.org\/es\/?id=6277"]}],"custom_fields":[],"json_ld":{"@context":"http:\/\/schema.org","@type":"Event","name":"Reuni\u00f3n de apoyo a los padres","description":"&lt;p&gt;Adem\u00e1s de ser una oportunidad para conocer a nuevos padres y entablar relaciones, nuestras reuniones mensuales son tambi\u00e9n una forma constructiva de que los padres debatan cuestiones y posibles soluciones [&hellip;]&lt;\/p&gt;\\n","url":"https:\/\/ejanc.org\/es\/event\/reunion-de-apoyo-a-los-padres-5\/","eventAttendanceMode":"https:\/\/schema.org\/OfflineEventAttendanceMode","eventStatus":"https:\/\/schema.org\/EventScheduled","startDate":"2025-06-30T19:00:00-04:00","endDate":"2025-06-30T20:00:00-04:00","organizer":{"@type":"Person","name":"Alianza por la Justicia en la Educaci\u00f3n","description":"","url":"https:\/\/ejanc.org\/","telephone":"","email":"&#105;n&#102;&#111;&#64;&#101;&#106;&#97;&#110;c&#46;o&#114;g","sameAs":"https:\/\/ejanc.org\/"},"performer":"Organization"}}