{"id":6439,"global_id":"ejanc.org\/es\/?id=6439","global_id_lineage":["ejanc.org\/es\/?id=6439"],"author":"4","status":"publish","date":"2025-03-28 22:29:15","date_utc":"2025-03-29 02:29:15","modified":"2025-03-28 22:29:15","modified_utc":"2025-03-29 02:29:15","url":"https:\/\/ejanc.org\/es\/event\/consejo-de-accion-juvenil-2\/","rest_url":"https:\/\/ejanc.org\/es\/wp-json\/tribe\/events\/v1\/events\/6439","title":"Consejo de Acci\u00f3n Juvenil","description":"<p><span class=\"OYPEnA font-feature-liga-off font-feature-clig-off font-feature-calt-off text-decoration-none text-strikethrough-none\">Un grupo dirigido por estudiantes para que los alumnos de 8\u00ba a 12\u00ba de las Escuelas P\u00fablicas del Condado de Wake desarrollen habilidades de liderazgo, organicen campa\u00f1as y desaf\u00eden las pol\u00edticas escolares injustas. Juntos, abogaremos por cambios positivos para que las escuelas sean m\u00e1s justas, solidarias y equitativas para todos los alumnos.<\/span><\/p>","excerpt":"","slug":"consejo-de-accion-juvenil-2","image":false,"all_day":false,"start_date":"2025-04-24 16:30:00","start_date_details":{"year":"2025","month":"04","day":"24","hour":"16","minutes":"30","seconds":"00"},"end_date":"2025-04-24 18:30:00","end_date_details":{"year":"2025","month":"04","day":"24","hour":"18","minutes":"30","seconds":"00"},"utc_start_date":"2025-04-24 20:30:00","utc_start_date_details":{"year":"2025","month":"04","day":"24","hour":"20","minutes":"30","seconds":"00"},"utc_end_date":"2025-04-24 22:30:00","utc_end_date_details":{"year":"2025","month":"04","day":"24","hour":"22","minutes":"30","seconds":"00"},"timezone":"America\/New_York","timezone_abbr":"EDT","cost":"","cost_details":{"currency_symbol":"","currency_code":"","currency_position":"","values":[]},"website":"https:\/\/docs.google.com\/forms\/d\/e\/1FAIpQLSdSTtQKLLU1DUoiwDaKLQvvDATsWtt_3A396Qs4qyvFmYa4jg\/viewform","show_map":false,"show_map_link":false,"hide_from_listings":false,"sticky":false,"featured":false,"categories":[{"name":"Juventud","slug":"juventud","term_group":0,"term_taxonomy_id":99,"taxonomy":"tribe_events_cat","description":"","parent":0,"count":2,"filter":"raw","id":99,"urls":{"self":"https:\/\/ejanc.org\/es\/wp-json\/tribe\/events\/v1\/categories\/99","collection":"https:\/\/ejanc.org\/es\/wp-json\/tribe\/events\/v1\/categories"}},{"name":"Reuni\u00f3n mensual","slug":"reunion-mensual","term_group":0,"term_taxonomy_id":71,"taxonomy":"tribe_events_cat","description":"","parent":0,"count":9,"filter":"raw","id":71,"urls":{"self":"https:\/\/ejanc.org\/es\/wp-json\/tribe\/events\/v1\/categories\/71","collection":"https:\/\/ejanc.org\/es\/wp-json\/tribe\/events\/v1\/categories"}}],"tags":[{"name":"ayuda","slug":"ayuda","term_group":0,"term_taxonomy_id":94,"taxonomy":"post_tag","description":"","parent":0,"count":9,"filter":"raw","id":94,"urls":{"self":"https:\/\/ejanc.org\/es\/wp-json\/tribe\/events\/v1\/tags\/94","collection":"https:\/\/ejanc.org\/es\/wp-json\/tribe\/events\/v1\/tags"}},{"name":"eventos","slug":"eventos","term_group":0,"term_taxonomy_id":60,"taxonomy":"post_tag","description":"","parent":0,"count":11,"filter":"raw","id":60,"urls":{"self":"https:\/\/ejanc.org\/es\/wp-json\/tribe\/events\/v1\/tags\/60","collection":"https:\/\/ejanc.org\/es\/wp-json\/tribe\/events\/v1\/tags"}},{"name":"juventud","slug":"juventud","term_group":0,"term_taxonomy_id":98,"taxonomy":"post_tag","description":"","parent":0,"count":2,"filter":"raw","id":98,"urls":{"self":"https:\/\/ejanc.org\/es\/wp-json\/tribe\/events\/v1\/tags\/98","collection":"https:\/\/ejanc.org\/es\/wp-json\/tribe\/events\/v1\/tags"}},{"name":"reuni\u00f3n","slug":"reunion","term_group":0,"term_taxonomy_id":93,"taxonomy":"post_tag","description":"","parent":0,"count":7,"filter":"raw","id":93,"urls":{"self":"https:\/\/ejanc.org\/es\/wp-json\/tribe\/events\/v1\/tags\/93","collection":"https:\/\/ejanc.org\/es\/wp-json\/tribe\/events\/v1\/tags"}}],"venue":[],"organizer":[{"id":6277,"author":"4","status":"publish","date":"2025-01-29 13:13:22","date_utc":"2025-01-29 18:13:22","modified":"2025-01-29 13:13:22","modified_utc":"2025-01-29 18:13:22","url":"https:\/\/ejanc.org\/es\/organizador\/alianza-por-la-justicia-en-la-educacion\/","organizer":"Alianza por la Justicia en la Educaci\u00f3n","slug":"alianza-por-la-justicia-en-la-educacion","website":"https:\/\/ejanc.org\/","email":"info@ejanc.org","json_ld":{"@type":"Person","name":"Alianza por la Justicia en la Educaci\u00f3n","description":"","url":"https:\/\/ejanc.org\/","telephone":"","email":"in&#102;&#111;&#64;&#101;&#106;&#97;&#110;c&#46;&#111;&#114;g","sameAs":"https:\/\/ejanc.org\/"},"global_id":"ejanc.org\/es\/?id=6277","global_id_lineage":["ejanc.org\/es\/?id=6277"]}],"custom_fields":[],"json_ld":{"@context":"http:\/\/schema.org","@type":"Event","name":"Consejo de Acci\u00f3n Juvenil","description":"&lt;p&gt;Un grupo dirigido por estudiantes para que los alumnos de 8\u00ba a 12\u00ba de las Escuelas P\u00fablicas del Condado de Wake desarrollen habilidades de liderazgo, organicen campa\u00f1as y desaf\u00eden las [&hellip;]&lt;\/p&gt;\\n","url":"https:\/\/ejanc.org\/es\/event\/consejo-de-accion-juvenil-2\/","eventAttendanceMode":"https:\/\/schema.org\/OfflineEventAttendanceMode","eventStatus":"https:\/\/schema.org\/EventScheduled","startDate":"2025-04-24T16:30:00-04:00","endDate":"2025-04-24T18:30:00-04:00","organizer":{"@type":"Person","name":"Alianza por la Justicia en la Educaci\u00f3n","description":"","url":"https:\/\/ejanc.org\/","telephone":"","email":"&#105;&#110;fo&#64;e&#106;&#97;nc.o&#114;&#103;","sameAs":"https:\/\/ejanc.org\/"},"performer":"Organization"}}