{"id":6268,"date":"2023-10-13T18:43:30","date_gmt":"2023-10-13T22:43:30","guid":{"rendered":"https:\/\/ejanc.org\/2023\/10\/lanzamiento-de-la-beca-poder-joven\/"},"modified":"2025-05-30T12:57:45","modified_gmt":"2025-05-30T16:57:45","slug":"lanzamiento-de-la-beca-poder-joven","status":"publish","type":"post","link":"https:\/\/ejanc.org\/es\/2023\/10\/lanzamiento-de-la-beca-poder-joven\/","title":{"rendered":"Lanzamiento de la Beca Poder Joven"},"content":{"rendered":"<p><span style=\"font-weight: 400;\">Estamos encantados de compartir el lanzamiento de nuestra cohorte Youth Power Fellowship 2023-2024. Tenemos 14 j\u00f3venes incre\u00edbles que asisten a escuelas medias y secundarias de las Escuelas P\u00fablicas del Condado de Wake. En  <\/span><b>Beca Poder Joven<\/b><span style=\"font-weight: 400;\"> es un programa en el que estudiantes de secundaria y bachillerato <\/span><span style=\"font-weight: 400;\">adquirir\u00e1n habilidades de liderazgo, entablar\u00e1n relaciones y tendr\u00e1n la oportunidad de marcar una diferencia real en su educaci\u00f3n.<\/span><\/p>\n<p><span style=\"font-weight: 400;\">La beca se divide en<\/span><b> 2 sesiones al mes<\/b><span style=\"font-weight: 400;\"> y durar\u00e1 desde <\/span><b>octubre de 2023 &#8211; mayo de 2024<\/b><span style=\"font-weight: 400;\">. Durante estas sesiones, aprender\u00e1n a organizar  <\/span><span style=\"font-weight: 400;\">hablar por s\u00ed mismos y por otros estudiantes<\/span><span style=\"font-weight: 400;\">  para lograr cambios en el sistema escolar p\u00fablico. Tambi\u00e9n conocer\u00e1n distintos m\u00e9todos de organizaci\u00f3n comunitaria y c\u00f3mo utilizarlos para exigir responsabilidades a los responsables pol\u00edticos.<\/span><\/p>\n<p><span style=\"font-weight: 400;\">La beca dar\u00e1 a los estudiantes la oportunidad de liderar, pensar cr\u00edticamente sobre el mundo que les rodea y utilizar su voz para marcar la diferencia. Habr\u00e1 oportunidades de participar en excursiones, talleres y otras actividades que les ayudar\u00e1n a aprender y crecer.<\/span><\/p>\n<p><span style=\"font-weight: 400;\">La confraternidad est\u00e1 dirigida por j\u00f3venes, lo que significa que se gestiona con y para los j\u00f3venes. Esto significa que los j\u00f3venes tendr\u00e1n voz en lo que aprenden y en c\u00f3mo lo aprenden.<\/span><\/p>\n<p><span style=\"font-weight: 400;\">Para saber m\u00e1s sobre nuestra cohorte de becarios, s\u00edguenos en las redes sociales.  <\/span><\/p>\n<p><span style=\"font-weight: 400;\">Para cualquier pregunta, ponte en contacto con nuestra Organizadora Juvenil <\/span><a href=\"mailto:ramiyah@ejanc.org\"><span style=\"font-weight: 400;\" data-rich-links=\"{\"per_n\":\"Ramiyah Robinson\",\"per_e\":\"ramiyah@ejanc.org\",\"type\":\"person\"}\">Ramiyah Robinson<\/span><\/a> <span style=\"font-weight: 400;\">en ramiyah@ejanc.org<\/span><\/p>\n","protected":false},"excerpt":{"rendered":"<p>Estamos encantados de compartir el lanzamiento de nuestra cohorte Youth Power Fellowship 2023-2024. Tenemos 14 j\u00f3venes incre\u00edbles que asisten a escuelas medias y secundarias de las Escuelas P\u00fablicas del Condado [&hellip;]<\/p>\n","protected":false},"author":1,"featured_media":4891,"comment_status":"closed","ping_status":"closed","sticky":false,"template":"","format":"standard","meta":{"_acf_changed":false,"give_campaign_id":0,"inline_featured_image":false,"footnotes":""},"categories":[33],"tags":[75],"class_list":["post-6268","post","type-post","status-publish","format-standard","has-post-thumbnail","hentry","category-organization-news-es","tag-noticias-destacadas"],"acf":[],"yoast_head":"<!-- This site is optimized with the Yoast SEO plugin v27.0 - https:\/\/yoast.com\/product\/yoast-seo-wordpress\/ -->\n<title>Lanzamiento de la Beca Poder Joven | Alianza por la Justicia en la Educaci\u00f3n<\/title>\n<meta name=\"robots\" content=\"index, follow, max-snippet:-1, max-image-preview:large, max-video-preview:-1\" \/>\n<link rel=\"canonical\" href=\"https:\/\/ejanc.org\/es\/2023\/10\/lanzamiento-de-la-beca-poder-joven\/\" \/>\n<meta property=\"og:locale\" content=\"es_ES\" \/>\n<meta property=\"og:type\" content=\"article\" \/>\n<meta property=\"og:title\" content=\"Lanzamiento de la Beca Poder Joven | Alianza por la Justicia en la Educaci\u00f3n\" \/>\n<meta property=\"og:description\" content=\"Estamos encantados de compartir el lanzamiento de nuestra cohorte Youth Power Fellowship 2023-2024. Tenemos 14 j\u00f3venes incre\u00edbles que asisten a escuelas medias y secundarias de las Escuelas P\u00fablicas del Condado [&hellip;]\" \/>\n<meta property=\"og:url\" content=\"https:\/\/ejanc.org\/es\/2023\/10\/lanzamiento-de-la-beca-poder-joven\/\" \/>\n<meta property=\"og:site_name\" content=\"Alianza por la Justicia en la Educaci\u00f3n\" \/>\n<meta property=\"article:publisher\" content=\"https:\/\/www.facebook.com\/EJARALEIGHNC\/\" \/>\n<meta property=\"article:published_time\" content=\"2023-10-13T22:43:30+00:00\" \/>\n<meta property=\"article:modified_time\" content=\"2025-05-30T16:57:45+00:00\" \/>\n<meta property=\"og:image\" content=\"https:\/\/ejanc.org\/wp-content\/uploads\/2023\/10\/IMG_4900-scaled.jpg\" \/>\n\t<meta property=\"og:image:width\" content=\"2560\" \/>\n\t<meta property=\"og:image:height\" content=\"1920\" \/>\n\t<meta property=\"og:image:type\" content=\"image\/jpeg\" \/>\n<meta name=\"author\" content=\"thegoodpxl\" \/>\n<meta name=\"twitter:card\" content=\"summary_large_image\" \/>\n<meta name=\"twitter:label1\" content=\"Escrito por\" \/>\n\t<meta name=\"twitter:data1\" content=\"thegoodpxl\" \/>\n\t<meta name=\"twitter:label2\" content=\"Tiempo de lectura\" \/>\n\t<meta name=\"twitter:data2\" content=\"1 minuto\" \/>\n<script type=\"application\/ld+json\" class=\"yoast-schema-graph\">{\"@context\":\"https:\/\/schema.org\",\"@graph\":[{\"@type\":\"Article\",\"@id\":\"https:\/\/ejanc.org\/es\/2023\/10\/lanzamiento-de-la-beca-poder-joven\/#article\",\"isPartOf\":{\"@id\":\"https:\/\/ejanc.org\/es\/2023\/10\/lanzamiento-de-la-beca-poder-joven\/\"},\"author\":{\"name\":\"thegoodpxl\",\"@id\":\"https:\/\/ejanc.org\/#\/schema\/person\/f695667b938c267468af2b4ff96fec26\"},\"headline\":\"Lanzamiento de la Beca Poder Joven\",\"datePublished\":\"2023-10-13T22:43:30+00:00\",\"dateModified\":\"2025-05-30T16:57:45+00:00\",\"mainEntityOfPage\":{\"@id\":\"https:\/\/ejanc.org\/es\/2023\/10\/lanzamiento-de-la-beca-poder-joven\/\"},\"wordCount\":254,\"publisher\":{\"@id\":\"https:\/\/ejanc.org\/#organization\"},\"image\":{\"@id\":\"https:\/\/ejanc.org\/es\/2023\/10\/lanzamiento-de-la-beca-poder-joven\/#primaryimage\"},\"thumbnailUrl\":\"https:\/\/ejanc.org\/wp-content\/uploads\/2023\/10\/IMG_4900-scaled.jpg\",\"keywords\":[\"noticias destacadas\"],\"articleSection\":[\"Organization News\"],\"inLanguage\":\"es\"},{\"@type\":\"WebPage\",\"@id\":\"https:\/\/ejanc.org\/es\/2023\/10\/lanzamiento-de-la-beca-poder-joven\/\",\"url\":\"https:\/\/ejanc.org\/es\/2023\/10\/lanzamiento-de-la-beca-poder-joven\/\",\"name\":\"Lanzamiento de la Beca Poder Joven | Alianza por la Justicia en la Educaci\u00f3n\",\"isPartOf\":{\"@id\":\"https:\/\/ejanc.org\/#website\"},\"primaryImageOfPage\":{\"@id\":\"https:\/\/ejanc.org\/es\/2023\/10\/lanzamiento-de-la-beca-poder-joven\/#primaryimage\"},\"image\":{\"@id\":\"https:\/\/ejanc.org\/es\/2023\/10\/lanzamiento-de-la-beca-poder-joven\/#primaryimage\"},\"thumbnailUrl\":\"https:\/\/ejanc.org\/wp-content\/uploads\/2023\/10\/IMG_4900-scaled.jpg\",\"datePublished\":\"2023-10-13T22:43:30+00:00\",\"dateModified\":\"2025-05-30T16:57:45+00:00\",\"breadcrumb\":{\"@id\":\"https:\/\/ejanc.org\/es\/2023\/10\/lanzamiento-de-la-beca-poder-joven\/#breadcrumb\"},\"inLanguage\":\"es\",\"potentialAction\":[{\"@type\":\"ReadAction\",\"target\":[\"https:\/\/ejanc.org\/es\/2023\/10\/lanzamiento-de-la-beca-poder-joven\/\"]}]},{\"@type\":\"ImageObject\",\"inLanguage\":\"es\",\"@id\":\"https:\/\/ejanc.org\/es\/2023\/10\/lanzamiento-de-la-beca-poder-joven\/#primaryimage\",\"url\":\"https:\/\/ejanc.org\/wp-content\/uploads\/2023\/10\/IMG_4900-scaled.jpg\",\"contentUrl\":\"https:\/\/ejanc.org\/wp-content\/uploads\/2023\/10\/IMG_4900-scaled.jpg\",\"width\":2560,\"height\":1920},{\"@type\":\"BreadcrumbList\",\"@id\":\"https:\/\/ejanc.org\/es\/2023\/10\/lanzamiento-de-la-beca-poder-joven\/#breadcrumb\",\"itemListElement\":[{\"@type\":\"ListItem\",\"position\":1,\"name\":\"Home\",\"item\":\"https:\/\/ejanc.org\/es\/inicio\/\"},{\"@type\":\"ListItem\",\"position\":2,\"name\":\"Lanzamiento de la Beca Poder Joven\"}]},{\"@type\":\"WebSite\",\"@id\":\"https:\/\/ejanc.org\/#website\",\"url\":\"https:\/\/ejanc.org\/\",\"name\":\"Alianza por la Justicia en la Educaci\u00f3n\",\"description\":\"\",\"publisher\":{\"@id\":\"https:\/\/ejanc.org\/#organization\"},\"potentialAction\":[{\"@type\":\"SearchAction\",\"target\":{\"@type\":\"EntryPoint\",\"urlTemplate\":\"https:\/\/ejanc.org\/?s={search_term_string}\"},\"query-input\":{\"@type\":\"PropertyValueSpecification\",\"valueRequired\":true,\"valueName\":\"search_term_string\"}}],\"inLanguage\":\"es\"},{\"@type\":\"Organization\",\"@id\":\"https:\/\/ejanc.org\/#organization\",\"name\":\"Alianza por la Justicia en la Educaci\u00f3n\",\"url\":\"https:\/\/ejanc.org\/\",\"logo\":{\"@type\":\"ImageObject\",\"inLanguage\":\"es\",\"@id\":\"https:\/\/ejanc.org\/#\/schema\/logo\/image\/\",\"url\":\"https:\/\/ejanc.org\/wp-content\/uploads\/2023\/10\/logo.png\",\"contentUrl\":\"https:\/\/ejanc.org\/wp-content\/uploads\/2023\/10\/logo.png\",\"width\":129,\"height\":132,\"caption\":\"Alianza por la Justicia en la Educaci\u00f3n\"},\"image\":{\"@id\":\"https:\/\/ejanc.org\/#\/schema\/logo\/image\/\"},\"sameAs\":[\"https:\/\/www.facebook.com\/EJARALEIGHNC\/\",\"https:\/\/www.instagram.com\/ejaraleighnc\/\",\"https:\/\/www.linkedin.com\/company\/ejaraleighnc\/about\/\",\"https:\/\/www.youtube.com\/@educationjusticealliance8063\"]},{\"@type\":\"Person\",\"@id\":\"https:\/\/ejanc.org\/#\/schema\/person\/f695667b938c267468af2b4ff96fec26\",\"name\":\"thegoodpxl\",\"image\":{\"@type\":\"ImageObject\",\"inLanguage\":\"es\",\"@id\":\"https:\/\/ejanc.org\/#\/schema\/person\/image\/\",\"url\":\"https:\/\/secure.gravatar.com\/avatar\/e3ec2c6c8dda9fb9c40978660d60d3826596e79a8d6d6d3c6ef4522469b4fb4e?s=96&d=mm&r=g\",\"contentUrl\":\"https:\/\/secure.gravatar.com\/avatar\/e3ec2c6c8dda9fb9c40978660d60d3826596e79a8d6d6d3c6ef4522469b4fb4e?s=96&d=mm&r=g\",\"caption\":\"thegoodpxl\"},\"sameAs\":[\"https:\/\/ejanc.org\"],\"url\":\"https:\/\/ejanc.org\/es\/author\/thegoodpxl\/\"}]}<\/script>\n<!-- \/ Yoast SEO plugin. -->","yoast_head_json":{"title":"Lanzamiento de la Beca Poder Joven | Alianza por la Justicia en la Educaci\u00f3n","robots":{"index":"index","follow":"follow","max-snippet":"max-snippet:-1","max-image-preview":"max-image-preview:large","max-video-preview":"max-video-preview:-1"},"canonical":"https:\/\/ejanc.org\/es\/2023\/10\/lanzamiento-de-la-beca-poder-joven\/","og_locale":"es_ES","og_type":"article","og_title":"Lanzamiento de la Beca Poder Joven | Alianza por la Justicia en la Educaci\u00f3n","og_description":"Estamos encantados de compartir el lanzamiento de nuestra cohorte Youth Power Fellowship 2023-2024. Tenemos 14 j\u00f3venes incre\u00edbles que asisten a escuelas medias y secundarias de las Escuelas P\u00fablicas del Condado [&hellip;]","og_url":"https:\/\/ejanc.org\/es\/2023\/10\/lanzamiento-de-la-beca-poder-joven\/","og_site_name":"Alianza por la Justicia en la Educaci\u00f3n","article_publisher":"https:\/\/www.facebook.com\/EJARALEIGHNC\/","article_published_time":"2023-10-13T22:43:30+00:00","article_modified_time":"2025-05-30T16:57:45+00:00","og_image":[{"width":2560,"height":1920,"url":"https:\/\/ejanc.org\/wp-content\/uploads\/2023\/10\/IMG_4900-scaled.jpg","type":"image\/jpeg"}],"author":"thegoodpxl","twitter_card":"summary_large_image","twitter_misc":{"Escrito por":"thegoodpxl","Tiempo de lectura":"1 minuto"},"schema":{"@context":"https:\/\/schema.org","@graph":[{"@type":"Article","@id":"https:\/\/ejanc.org\/es\/2023\/10\/lanzamiento-de-la-beca-poder-joven\/#article","isPartOf":{"@id":"https:\/\/ejanc.org\/es\/2023\/10\/lanzamiento-de-la-beca-poder-joven\/"},"author":{"name":"thegoodpxl","@id":"https:\/\/ejanc.org\/#\/schema\/person\/f695667b938c267468af2b4ff96fec26"},"headline":"Lanzamiento de la Beca Poder Joven","datePublished":"2023-10-13T22:43:30+00:00","dateModified":"2025-05-30T16:57:45+00:00","mainEntityOfPage":{"@id":"https:\/\/ejanc.org\/es\/2023\/10\/lanzamiento-de-la-beca-poder-joven\/"},"wordCount":254,"publisher":{"@id":"https:\/\/ejanc.org\/#organization"},"image":{"@id":"https:\/\/ejanc.org\/es\/2023\/10\/lanzamiento-de-la-beca-poder-joven\/#primaryimage"},"thumbnailUrl":"https:\/\/ejanc.org\/wp-content\/uploads\/2023\/10\/IMG_4900-scaled.jpg","keywords":["noticias destacadas"],"articleSection":["Organization News"],"inLanguage":"es"},{"@type":"WebPage","@id":"https:\/\/ejanc.org\/es\/2023\/10\/lanzamiento-de-la-beca-poder-joven\/","url":"https:\/\/ejanc.org\/es\/2023\/10\/lanzamiento-de-la-beca-poder-joven\/","name":"Lanzamiento de la Beca Poder Joven | Alianza por la Justicia en la Educaci\u00f3n","isPartOf":{"@id":"https:\/\/ejanc.org\/#website"},"primaryImageOfPage":{"@id":"https:\/\/ejanc.org\/es\/2023\/10\/lanzamiento-de-la-beca-poder-joven\/#primaryimage"},"image":{"@id":"https:\/\/ejanc.org\/es\/2023\/10\/lanzamiento-de-la-beca-poder-joven\/#primaryimage"},"thumbnailUrl":"https:\/\/ejanc.org\/wp-content\/uploads\/2023\/10\/IMG_4900-scaled.jpg","datePublished":"2023-10-13T22:43:30+00:00","dateModified":"2025-05-30T16:57:45+00:00","breadcrumb":{"@id":"https:\/\/ejanc.org\/es\/2023\/10\/lanzamiento-de-la-beca-poder-joven\/#breadcrumb"},"inLanguage":"es","potentialAction":[{"@type":"ReadAction","target":["https:\/\/ejanc.org\/es\/2023\/10\/lanzamiento-de-la-beca-poder-joven\/"]}]},{"@type":"ImageObject","inLanguage":"es","@id":"https:\/\/ejanc.org\/es\/2023\/10\/lanzamiento-de-la-beca-poder-joven\/#primaryimage","url":"https:\/\/ejanc.org\/wp-content\/uploads\/2023\/10\/IMG_4900-scaled.jpg","contentUrl":"https:\/\/ejanc.org\/wp-content\/uploads\/2023\/10\/IMG_4900-scaled.jpg","width":2560,"height":1920},{"@type":"BreadcrumbList","@id":"https:\/\/ejanc.org\/es\/2023\/10\/lanzamiento-de-la-beca-poder-joven\/#breadcrumb","itemListElement":[{"@type":"ListItem","position":1,"name":"Home","item":"https:\/\/ejanc.org\/es\/inicio\/"},{"@type":"ListItem","position":2,"name":"Lanzamiento de la Beca Poder Joven"}]},{"@type":"WebSite","@id":"https:\/\/ejanc.org\/#website","url":"https:\/\/ejanc.org\/","name":"Alianza por la Justicia en la Educaci\u00f3n","description":"","publisher":{"@id":"https:\/\/ejanc.org\/#organization"},"potentialAction":[{"@type":"SearchAction","target":{"@type":"EntryPoint","urlTemplate":"https:\/\/ejanc.org\/?s={search_term_string}"},"query-input":{"@type":"PropertyValueSpecification","valueRequired":true,"valueName":"search_term_string"}}],"inLanguage":"es"},{"@type":"Organization","@id":"https:\/\/ejanc.org\/#organization","name":"Alianza por la Justicia en la Educaci\u00f3n","url":"https:\/\/ejanc.org\/","logo":{"@type":"ImageObject","inLanguage":"es","@id":"https:\/\/ejanc.org\/#\/schema\/logo\/image\/","url":"https:\/\/ejanc.org\/wp-content\/uploads\/2023\/10\/logo.png","contentUrl":"https:\/\/ejanc.org\/wp-content\/uploads\/2023\/10\/logo.png","width":129,"height":132,"caption":"Alianza por la Justicia en la Educaci\u00f3n"},"image":{"@id":"https:\/\/ejanc.org\/#\/schema\/logo\/image\/"},"sameAs":["https:\/\/www.facebook.com\/EJARALEIGHNC\/","https:\/\/www.instagram.com\/ejaraleighnc\/","https:\/\/www.linkedin.com\/company\/ejaraleighnc\/about\/","https:\/\/www.youtube.com\/@educationjusticealliance8063"]},{"@type":"Person","@id":"https:\/\/ejanc.org\/#\/schema\/person\/f695667b938c267468af2b4ff96fec26","name":"thegoodpxl","image":{"@type":"ImageObject","inLanguage":"es","@id":"https:\/\/ejanc.org\/#\/schema\/person\/image\/","url":"https:\/\/secure.gravatar.com\/avatar\/e3ec2c6c8dda9fb9c40978660d60d3826596e79a8d6d6d3c6ef4522469b4fb4e?s=96&d=mm&r=g","contentUrl":"https:\/\/secure.gravatar.com\/avatar\/e3ec2c6c8dda9fb9c40978660d60d3826596e79a8d6d6d3c6ef4522469b4fb4e?s=96&d=mm&r=g","caption":"thegoodpxl"},"sameAs":["https:\/\/ejanc.org"],"url":"https:\/\/ejanc.org\/es\/author\/thegoodpxl\/"}]}},"_links":{"self":[{"href":"https:\/\/ejanc.org\/es\/wp-json\/wp\/v2\/posts\/6268","targetHints":{"allow":["GET"]}}],"collection":[{"href":"https:\/\/ejanc.org\/es\/wp-json\/wp\/v2\/posts"}],"about":[{"href":"https:\/\/ejanc.org\/es\/wp-json\/wp\/v2\/types\/post"}],"author":[{"embeddable":true,"href":"https:\/\/ejanc.org\/es\/wp-json\/wp\/v2\/users\/1"}],"replies":[{"embeddable":true,"href":"https:\/\/ejanc.org\/es\/wp-json\/wp\/v2\/comments?post=6268"}],"version-history":[{"count":1,"href":"https:\/\/ejanc.org\/es\/wp-json\/wp\/v2\/posts\/6268\/revisions"}],"predecessor-version":[{"id":7654,"href":"https:\/\/ejanc.org\/es\/wp-json\/wp\/v2\/posts\/6268\/revisions\/7654"}],"wp:featuredmedia":[{"embeddable":true,"href":"https:\/\/ejanc.org\/es\/wp-json\/wp\/v2\/media\/4891"}],"wp:attachment":[{"href":"https:\/\/ejanc.org\/es\/wp-json\/wp\/v2\/media?parent=6268"}],"wp:term":[{"taxonomy":"category","embeddable":true,"href":"https:\/\/ejanc.org\/es\/wp-json\/wp\/v2\/categories?post=6268"},{"taxonomy":"post_tag","embeddable":true,"href":"https:\/\/ejanc.org\/es\/wp-json\/wp\/v2\/tags?post=6268"}],"curies":[{"name":"wp","href":"https:\/\/api.w.org\/{rel}","templated":true}]}}